{"id":1374,"date":"2024-11-19T10:30:00","date_gmt":"2024-11-19T09:30:00","guid":{"rendered":"https:\/\/hauptschule-emlichheim.de\/?p=1374"},"modified":"2024-11-19T10:42:12","modified_gmt":"2024-11-19T09:42:12","slug":"trixitt-unser-schulsportevent","status":"publish","type":"post","link":"https:\/\/hauptschule-emlichheim.de\/?p=1374","title":{"rendered":"Trixitt &#8211; Unser Schulsportevent"},"content":{"rendered":"\n<p>Das TRIXITT Schulsport-Event ist das au\u00dfergew\u00f6hnliche Sportfest mit vielen Herausforderungen. Die Klassen waren voller Eifer dabei und hatten gro\u00dfen Spa\u00df.<\/p>\n\n\n\n<p>Hier einige Eindr\u00fccke&#8230;<\/p>\n\n\n\nngg_shortcode_0_placeholder\n","protected":false},"excerpt":{"rendered":"<p>Das TRIXITT Schulsport-Event ist das au\u00dfergew\u00f6hnliche Sportfest mit vielen Herausforderungen. Die Klassen waren voller Eifer dabei und hatten gro\u00dfen Spa\u00df. Hier einige Eindr\u00fccke&#8230;<\/p>\n","protected":false},"author":1,"featured_media":0,"comment_status":"closed","ping_status":"open","sticky":false,"template":"","format":"standard","meta":{"ngg_post_thumbnail":0,"footnotes":""},"categories":[16],"tags":[],"class_list":["post-1374","post","type-post","status-publish","format-standard","hentry","category-aktuelles"],"publishpress_future_action":{"enabled":false,"date":"2026-05-07 08:33:42","action":"change-status","newStatus":"draft","terms":[],"taxonomy":"category","extraData":[]},"publishpress_future_workflow_manual_trigger":{"enabledWorkflows":[]},"_links":{"self":[{"href":"https:\/\/hauptschule-emlichheim.de\/index.php?rest_route=\/wp\/v2\/posts\/1374","targetHints":{"allow":["GET"]}}],"collection":[{"href":"https:\/\/hauptschule-emlichheim.de\/index.php?rest_route=\/wp\/v2\/posts"}],"about":[{"href":"https:\/\/hauptschule-emlichheim.de\/index.php?rest_route=\/wp\/v2\/types\/post"}],"author":[{"embeddable":true,"href":"https:\/\/hauptschule-emlichheim.de\/index.php?rest_route=\/wp\/v2\/users\/1"}],"replies":[{"embeddable":true,"href":"https:\/\/hauptschule-emlichheim.de\/index.php?rest_route=%2Fwp%2Fv2%2Fcomments&post=1374"}],"version-history":[{"count":6,"href":"https:\/\/hauptschule-emlichheim.de\/index.php?rest_route=\/wp\/v2\/posts\/1374\/revisions"}],"predecessor-version":[{"id":1713,"href":"https:\/\/hauptschule-emlichheim.de\/index.php?rest_route=\/wp\/v2\/posts\/1374\/revisions\/1713"}],"wp:attachment":[{"href":"https:\/\/hauptschule-emlichheim.de\/index.php?rest_route=%2Fwp%2Fv2%2Fmedia&parent=1374"}],"wp:term":[{"taxonomy":"category","embeddable":true,"href":"https:\/\/hauptschule-emlichheim.de\/index.php?rest_route=%2Fwp%2Fv2%2Fcategories&post=1374"},{"taxonomy":"post_tag","embeddable":true,"href":"https:\/\/hauptschule-emlichheim.de\/index.php?rest_route=%2Fwp%2Fv2%2Ftags&post=1374"}],"curies":[{"name":"wp","href":"https:\/\/api.w.org\/{rel}","templated":true}]}}