{"id":1696,"date":"2024-11-14T08:00:00","date_gmt":"2024-11-14T07:00:00","guid":{"rendered":"https:\/\/hauptschule-emlichheim.de\/?p=1696"},"modified":"2024-11-14T08:15:12","modified_gmt":"2024-11-14T07:15:12","slug":"eine-unvergessliche-zeit","status":"publish","type":"post","link":"https:\/\/hauptschule-emlichheim.de\/?p=1696","title":{"rendered":"&#8222;Eine unvergessliche Zeit&#8220;-"},"content":{"rendered":"\n<p><strong>R\u00fcckblick auf die Hauptschule Emlichheim<\/strong><\/p>\n\n\n\n<p>Von, ich glaube, 2009 bis 2015 war ich Sch\u00fcler der Hauptschule Emlichheim, und um ehrlich zu sein: Damals dachte ich, meine Welt bricht zusammen. \u201eNur die Dummen gehen auf die Hauptschule\u201c, sagte ich mir und war fest davon \u00fcberzeugt, dass meine Eltern gerade die schlimmste Entscheidung meines Lebens getroffen hatten. Doch heute, mit etwas Abstand und einer Menge Lebenserfahrung, sehe ich das ganz anders. Es war \u2013 wie sich herausstellt \u2013 eine verdammt gute Entscheidung! Was ich an der Hauptschule Emlichheim gelernt habe, kann man weder in B\u00fcchern noch in Formeln festhalten. Hier lernt man n\u00e4mlich nicht nur Mathe und Deutsch, sondern auch das Leben. Man lernt, sich durchzusetzen, gleichzeitig ruhig zu bleiben und, wenn\u2019s sein muss, auch mal ordentlich auszuteilen. Kunstunterricht? Perfekt, um zu \u00fcben, wie man aus einem Klecks Farbe eine echte Story strickt! Zumindest hat meine Lehrerin damals immer ein Auge zugedr\u00fcckt, wenn meine Kreativit\u00e4t sich verselbstst\u00e4ndigt hat. Frau Brockmann als Klassenlehrerin und viele andere Lehrer wie zB. Frau M\u00e4tje oder Herrn Pasternak haben uns in unserer Individualit\u00e4t ernst genommen und weiterentwickelt. Es war nie das Ziel, alle in eine Form zu pressen. Und ehrlich gesagt: Ich bin ihnen unendlich dankbar, dass sie uns mehr mitgegeben haben als nur schulisches Wissen. Sie haben uns auch gezeigt, wie man fair bleibt, selbst wenn\u2019s mal etwas strenger zugeht. Wenn ich heute zur\u00fcckblicke, muss ich sagen: Die Lehrer, wie zum Beispiel Herr Hans oder Herr Strenge, haben dort haben echt einen unglaublichen Job gemacht. Die Lehrer haben mir alles beigebracht, was ich im \u201eechten Leben\u201c wirklich brauche \u2013 1+1=2, klar und direkt. Das Wissen, wie man im Abi, den Wendepunkt einer Kurve berechnet, war sp\u00e4ter dann doch eher weniger hilfreich\u2026 Von Nordhorn \u00fcber Oldenburg bis Schwerin und Bonn hat mich mein Weg gef\u00fchrt, und ich bin im Management einer deutschlandweit operierenden Firma gelandet. Und immer wieder denke ich an meine Schulzeit zur\u00fcck, voller Respekt vor den Lehrern, die uns auf die Reise geschickt haben. Eine Hauptschule ist kein einfacher Ort f\u00fcr Lehrer, aber die, die dort arbeiten, haben eine besondere Art von Menschlichkeit und Durchhalteverm\u00f6gen. Heute sage ich stellvertretend f\u00fcr unseren Jahrgang: Danke f\u00fcr die Zeit, Danke f\u00fcr die Geduld und die unendliche M\u00fche! Hauptschule Emlichheim \u2013 manchmal ist Schule eben mehr als nur eine Schule!<\/p>\n\n\n\n<p><em>Anmerkung der Redaktion:<br>Vielen Dank f\u00fcr den positiven Bericht, der uns (das gesamte Kollegium) in unserer Arbeit weiter motiviert unser Bestes zu geben.<\/em><\/p>\n\n\n\n<p><\/p>\n","protected":false},"excerpt":{"rendered":"<p>R\u00fcckblick auf die Hauptschule Emlichheim Von, ich glaube, 2009 bis 2015 war ich Sch\u00fcler der Hauptschule Emlichheim, und um ehrlich zu sein: Damals dachte ich, meine Welt bricht zusammen. \u201eNur &hellip; <\/p>\n<p class=\"link-more\"><a href=\"https:\/\/hauptschule-emlichheim.de\/?p=1696\" class=\"more-link\"><span class=\"screen-reader-text\">\u201e&#8222;Eine unvergessliche Zeit&#8220;-\u201c<\/span> weiterlesen<\/a><\/p>\n","protected":false},"author":1,"featured_media":0,"comment_status":"closed","ping_status":"open","sticky":false,"template":"","format":"standard","meta":{"ngg_post_thumbnail":0,"footnotes":""},"categories":[16],"tags":[],"class_list":["post-1696","post","type-post","status-publish","format-standard","hentry","category-aktuelles"],"publishpress_future_action":{"enabled":false,"date":"2026-05-07 07:21:13","action":"change-status","newStatus":"draft","terms":[],"taxonomy":"category","extraData":[]},"publishpress_future_workflow_manual_trigger":{"enabledWorkflows":[]},"_links":{"self":[{"href":"https:\/\/hauptschule-emlichheim.de\/index.php?rest_route=\/wp\/v2\/posts\/1696","targetHints":{"allow":["GET"]}}],"collection":[{"href":"https:\/\/hauptschule-emlichheim.de\/index.php?rest_route=\/wp\/v2\/posts"}],"about":[{"href":"https:\/\/hauptschule-emlichheim.de\/index.php?rest_route=\/wp\/v2\/types\/post"}],"author":[{"embeddable":true,"href":"https:\/\/hauptschule-emlichheim.de\/index.php?rest_route=\/wp\/v2\/users\/1"}],"replies":[{"embeddable":true,"href":"https:\/\/hauptschule-emlichheim.de\/index.php?rest_route=%2Fwp%2Fv2%2Fcomments&post=1696"}],"version-history":[{"count":1,"href":"https:\/\/hauptschule-emlichheim.de\/index.php?rest_route=\/wp\/v2\/posts\/1696\/revisions"}],"predecessor-version":[{"id":1697,"href":"https:\/\/hauptschule-emlichheim.de\/index.php?rest_route=\/wp\/v2\/posts\/1696\/revisions\/1697"}],"wp:attachment":[{"href":"https:\/\/hauptschule-emlichheim.de\/index.php?rest_route=%2Fwp%2Fv2%2Fmedia&parent=1696"}],"wp:term":[{"taxonomy":"category","embeddable":true,"href":"https:\/\/hauptschule-emlichheim.de\/index.php?rest_route=%2Fwp%2Fv2%2Fcategories&post=1696"},{"taxonomy":"post_tag","embeddable":true,"href":"https:\/\/hauptschule-emlichheim.de\/index.php?rest_route=%2Fwp%2Fv2%2Ftags&post=1696"}],"curies":[{"name":"wp","href":"https:\/\/api.w.org\/{rel}","templated":true}]}}